{"id":84,"date":"2014-04-19T03:20:00","date_gmt":"2014-04-19T03:20:00","guid":{"rendered":"http:\/\/fabianvillena.tk\/blog\/region-nucleo-supratrigeminal\/"},"modified":"2019-11-21T11:14:23","modified_gmt":"2019-11-21T14:14:23","slug":"region-nucleo-supratrigeminal","status":"publish","type":"post","link":"https:\/\/villena.cl\/blog\/region-nucleo-supratrigeminal\/","title":{"rendered":"Regi\u00f3n o N\u00facleo Supratrigeminal"},"content":{"rendered":"<p><img data-recalc-dims=\"1\" loading=\"lazy\" decoding=\"async\" data-attachment-id=\"278\" data-permalink=\"https:\/\/villena.cl\/blog\/introduccion-a-la-fisiologia-oral-unidad-craneocervicomandibular\/fisiologia-oral\/\" data-orig-file=\"https:\/\/i0.wp.com\/villena.cl\/blog\/wp-content\/uploads\/2014\/04\/Fisiolog%C3%ADa-Oral.jpg?fit=646%2C198&amp;ssl=1\" data-orig-size=\"646,198\" data-comments-opened=\"1\" data-image-meta=\"{&quot;aperture&quot;:&quot;0&quot;,&quot;credit&quot;:&quot;&quot;,&quot;camera&quot;:&quot;&quot;,&quot;caption&quot;:&quot;&quot;,&quot;created_timestamp&quot;:&quot;0&quot;,&quot;copyright&quot;:&quot;&quot;,&quot;focal_length&quot;:&quot;0&quot;,&quot;iso&quot;:&quot;0&quot;,&quot;shutter_speed&quot;:&quot;0&quot;,&quot;title&quot;:&quot;&quot;,&quot;orientation&quot;:&quot;1&quot;}\" data-image-title=\"Fisiolog\u00eda Oral\" data-image-description=\"\" data-image-caption=\"\" data-large-file=\"https:\/\/i0.wp.com\/villena.cl\/blog\/wp-content\/uploads\/2014\/04\/Fisiolog%C3%ADa-Oral.jpg?fit=525%2C161&amp;ssl=1\" class=\"alignnone wp-image-278 size-full\" src=\"https:\/\/i0.wp.com\/fabianvillena.cl\/blog\/wp-content\/uploads\/2014\/04\/Fisiolog%C3%ADa-Oral.jpg?resize=525%2C161&#038;ssl=1\" alt=\"Fisiolog\u00eda Oral\" width=\"525\" height=\"161\" srcset=\"https:\/\/i0.wp.com\/villena.cl\/blog\/wp-content\/uploads\/2014\/04\/Fisiolog%C3%ADa-Oral.jpg?w=646&amp;ssl=1 646w, https:\/\/i0.wp.com\/villena.cl\/blog\/wp-content\/uploads\/2014\/04\/Fisiolog%C3%ADa-Oral.jpg?resize=300%2C92&amp;ssl=1 300w\" sizes=\"auto, (max-width: 525px) 100vw, 525px\" \/><\/p>\n<p>La regi\u00f3n o n\u00facleo supratrigeminal es una porci\u00f3n de formaci\u00f3n reticular ubicada dorsal y rostrodorsal al n\u00facleo motor del trig\u00e9mino, esta formaci\u00f3n reticular es un sistema de interneuronas GABA\u00e9rgicas entre el n\u00facleo del tracto espinal y el n\u00facleo motor del trig\u00e9mino. Esta regi\u00f3n contiene interneuronas inhibitorias que inhiben motoneuronas del n\u00facleo motor del trig\u00e9mino. Esta formaci\u00f3n reticular est\u00e1 relacionada con los reflejos de apertura oral, donde media la inhibici\u00f3n de los m\u00fasculos elevadores mandibulares.<\/p>\n<p><img loading=\"lazy\" decoding=\"async\" class=\"aligncenter\" src=\"https:\/\/encrypted-tbn0.gstatic.com\/images?q=tbn:ANd9GcRJ1Tsula_BJ_Aua4LdOyHPOH9BDVGEgWHfr-ZL0opcgf_ar5Sn\" alt=\"N\u00facleo Supratrigeminal\" width=\"263\" height=\"192\" \/><\/p>\n","protected":false},"excerpt":{"rendered":"<p>La regi\u00f3n o n\u00facleo supratrigeminal es una porci\u00f3n de formaci\u00f3n reticular ubicada dorsal y rostrodorsal al n\u00facleo motor del trig\u00e9mino, esta formaci\u00f3n reticular es un sistema de interneuronas GABA\u00e9rgicas entre el n\u00facleo del tracto espinal y el n\u00facleo motor del trig\u00e9mino. Esta regi\u00f3n contiene interneuronas inhibitorias que inhiben motoneuronas del n\u00facleo motor del trig\u00e9mino. Esta &hellip; <\/p>\n<p class=\"link-more\"><a href=\"https:\/\/villena.cl\/blog\/region-nucleo-supratrigeminal\/\" class=\"more-link\">Continua leyendo<span class=\"screen-reader-text\"> &#8220;Regi\u00f3n o N\u00facleo Supratrigeminal&#8221;<\/span><\/a><\/p>\n","protected":false},"author":1,"featured_media":512,"comment_status":"open","ping_status":"open","sticky":false,"template":"","format":"standard","meta":{"jetpack_post_was_ever_published":false,"_jetpack_newsletter_access":"","_jetpack_dont_email_post_to_subs":false,"_jetpack_newsletter_tier_id":0,"_jetpack_memberships_contains_paywalled_content":false,"_jetpack_memberships_contains_paid_content":false,"footnotes":"","jetpack_publicize_message":"","jetpack_publicize_feature_enabled":true,"jetpack_social_post_already_shared":false,"jetpack_social_options":{"image_generator_settings":{"template":"highway","default_image_id":0,"font":"","enabled":false},"version":2}},"categories":[104],"tags":[123,64],"class_list":["post-84","post","type-post","status-publish","format-standard","has-post-thumbnail","hentry","category-dentistas","tag-anatomia-dental","tag-odontologia"],"yoast_head":"<!-- This site is optimized with the Yoast SEO plugin v27.5 - https:\/\/yoast.com\/product\/yoast-seo-wordpress\/ -->\n<title>N\u00facleo Supratrigeminal de la Formaci\u00f3n Reticular del Tronco Encef\u00e1lico<\/title>\n<meta name=\"description\" content=\"La regi\u00f3n o n\u00facleo supratrigeminal es una porci\u00f3n de formaci\u00f3n reticular ubicada dorsal y rostrodorsal al n\u00facleo motor del trig\u00e9mino, esta formaci\u00f3n\" \/>\n<meta name=\"robots\" content=\"index, follow, max-snippet:-1, max-image-preview:large, max-video-preview:-1\" \/>\n<link rel=\"canonical\" href=\"https:\/\/villena.cl\/blog\/region-nucleo-supratrigeminal\/\" \/>\n<meta property=\"og:locale\" content=\"es_ES\" \/>\n<meta property=\"og:type\" content=\"article\" \/>\n<meta property=\"og:title\" content=\"N\u00facleo Supratrigeminal de la Formaci\u00f3n Reticular del Tronco Encef\u00e1lico\" \/>\n<meta property=\"og:description\" content=\"La regi\u00f3n o n\u00facleo supratrigeminal es una porci\u00f3n de formaci\u00f3n reticular ubicada dorsal y rostrodorsal al n\u00facleo motor del trig\u00e9mino, esta formaci\u00f3n\" \/>\n<meta property=\"og:url\" content=\"https:\/\/villena.cl\/blog\/region-nucleo-supratrigeminal\/\" \/>\n<meta property=\"og:site_name\" content=\"Dr. Fabi\u00e1n Villena Rodr\u00edguez\" \/>\n<meta property=\"article:publisher\" content=\"https:\/\/www.facebook.com\/fabianvillena\" \/>\n<meta property=\"article:author\" content=\"https:\/\/www.facebook.com\/fabianvillena\" \/>\n<meta property=\"article:published_time\" content=\"2014-04-19T03:20:00+00:00\" \/>\n<meta property=\"article:modified_time\" content=\"2019-11-21T14:14:23+00:00\" \/>\n<meta name=\"author\" content=\"Fabi\u00e1n\" \/>\n<meta name=\"twitter:card\" content=\"summary_large_image\" \/>\n<meta name=\"twitter:image\" content=\"https:\/\/i0.wp.com\/villena.cl\/blog\/wp-content\/uploads\/2014\/04\/neurona.png?fit=1200%2C675&ssl=1\" \/>\n<meta name=\"twitter:label1\" content=\"Escrito por\" \/>\n\t<meta name=\"twitter:data1\" content=\"Fabi\u00e1n\" \/>\n<script type=\"application\/ld+json\" class=\"yoast-schema-graph\">{\"@context\":\"https:\\\/\\\/schema.org\",\"@graph\":[{\"@type\":\"Article\",\"@id\":\"https:\\\/\\\/villena.cl\\\/blog\\\/region-nucleo-supratrigeminal\\\/#article\",\"isPartOf\":{\"@id\":\"https:\\\/\\\/villena.cl\\\/blog\\\/region-nucleo-supratrigeminal\\\/\"},\"author\":{\"name\":\"Fabi\u00e1n\",\"@id\":\"https:\\\/\\\/villena.cl\\\/blog\\\/#\\\/schema\\\/person\\\/4fb1f171e2ee95ab1f8d9cb89d0270d9\"},\"headline\":\"Regi\u00f3n o N\u00facleo Supratrigeminal\",\"datePublished\":\"2014-04-19T03:20:00+00:00\",\"dateModified\":\"2019-11-21T14:14:23+00:00\",\"mainEntityOfPage\":{\"@id\":\"https:\\\/\\\/villena.cl\\\/blog\\\/region-nucleo-supratrigeminal\\\/\"},\"wordCount\":97,\"commentCount\":0,\"publisher\":{\"@id\":\"https:\\\/\\\/villena.cl\\\/blog\\\/#\\\/schema\\\/person\\\/4fb1f171e2ee95ab1f8d9cb89d0270d9\"},\"image\":{\"@id\":\"https:\\\/\\\/villena.cl\\\/blog\\\/region-nucleo-supratrigeminal\\\/#primaryimage\"},\"thumbnailUrl\":\"https:\\\/\\\/i0.wp.com\\\/villena.cl\\\/blog\\\/wp-content\\\/uploads\\\/2014\\\/04\\\/neurona.png?fit=1200%2C675&ssl=1\",\"keywords\":[\"Anatom\u00eda Dental\",\"Odontolog\u00eda\"],\"articleSection\":[\"Dentistas\"],\"inLanguage\":\"es-CL\",\"potentialAction\":[{\"@type\":\"CommentAction\",\"name\":\"Comment\",\"target\":[\"https:\\\/\\\/villena.cl\\\/blog\\\/region-nucleo-supratrigeminal\\\/#respond\"]}]},{\"@type\":\"WebPage\",\"@id\":\"https:\\\/\\\/villena.cl\\\/blog\\\/region-nucleo-supratrigeminal\\\/\",\"url\":\"https:\\\/\\\/villena.cl\\\/blog\\\/region-nucleo-supratrigeminal\\\/\",\"name\":\"N\u00facleo Supratrigeminal de la Formaci\u00f3n Reticular del Tronco Encef\u00e1lico\",\"isPartOf\":{\"@id\":\"https:\\\/\\\/villena.cl\\\/blog\\\/#website\"},\"primaryImageOfPage\":{\"@id\":\"https:\\\/\\\/villena.cl\\\/blog\\\/region-nucleo-supratrigeminal\\\/#primaryimage\"},\"image\":{\"@id\":\"https:\\\/\\\/villena.cl\\\/blog\\\/region-nucleo-supratrigeminal\\\/#primaryimage\"},\"thumbnailUrl\":\"https:\\\/\\\/i0.wp.com\\\/villena.cl\\\/blog\\\/wp-content\\\/uploads\\\/2014\\\/04\\\/neurona.png?fit=1200%2C675&ssl=1\",\"datePublished\":\"2014-04-19T03:20:00+00:00\",\"dateModified\":\"2019-11-21T14:14:23+00:00\",\"description\":\"La regi\u00f3n o n\u00facleo supratrigeminal es una porci\u00f3n de formaci\u00f3n reticular ubicada dorsal y rostrodorsal al n\u00facleo motor del trig\u00e9mino, esta formaci\u00f3n\",\"breadcrumb\":{\"@id\":\"https:\\\/\\\/villena.cl\\\/blog\\\/region-nucleo-supratrigeminal\\\/#breadcrumb\"},\"inLanguage\":\"es-CL\",\"potentialAction\":[{\"@type\":\"ReadAction\",\"target\":[\"https:\\\/\\\/villena.cl\\\/blog\\\/region-nucleo-supratrigeminal\\\/\"]}]},{\"@type\":\"ImageObject\",\"inLanguage\":\"es-CL\",\"@id\":\"https:\\\/\\\/villena.cl\\\/blog\\\/region-nucleo-supratrigeminal\\\/#primaryimage\",\"url\":\"https:\\\/\\\/i0.wp.com\\\/villena.cl\\\/blog\\\/wp-content\\\/uploads\\\/2014\\\/04\\\/neurona.png?fit=1200%2C675&ssl=1\",\"contentUrl\":\"https:\\\/\\\/i0.wp.com\\\/villena.cl\\\/blog\\\/wp-content\\\/uploads\\\/2014\\\/04\\\/neurona.png?fit=1200%2C675&ssl=1\",\"width\":1200,\"height\":675},{\"@type\":\"BreadcrumbList\",\"@id\":\"https:\\\/\\\/villena.cl\\\/blog\\\/region-nucleo-supratrigeminal\\\/#breadcrumb\",\"itemListElement\":[{\"@type\":\"ListItem\",\"position\":1,\"name\":\"Portada\",\"item\":\"https:\\\/\\\/villena.cl\\\/blog\\\/\"},{\"@type\":\"ListItem\",\"position\":2,\"name\":\"Regi\u00f3n o N\u00facleo Supratrigeminal\"}]},{\"@type\":\"WebSite\",\"@id\":\"https:\\\/\\\/villena.cl\\\/blog\\\/#website\",\"url\":\"https:\\\/\\\/villena.cl\\\/blog\\\/\",\"name\":\"Dr. Fabi\u00e1n Villena Rodr\u00edguez\",\"description\":\"Odontolog\u00eda + Computaci\u00f3n\",\"publisher\":{\"@id\":\"https:\\\/\\\/villena.cl\\\/blog\\\/#\\\/schema\\\/person\\\/4fb1f171e2ee95ab1f8d9cb89d0270d9\"},\"potentialAction\":[{\"@type\":\"SearchAction\",\"target\":{\"@type\":\"EntryPoint\",\"urlTemplate\":\"https:\\\/\\\/villena.cl\\\/blog\\\/?s={search_term_string}\"},\"query-input\":{\"@type\":\"PropertyValueSpecification\",\"valueRequired\":true,\"valueName\":\"search_term_string\"}}],\"inLanguage\":\"es-CL\"},{\"@type\":[\"Person\",\"Organization\"],\"@id\":\"https:\\\/\\\/villena.cl\\\/blog\\\/#\\\/schema\\\/person\\\/4fb1f171e2ee95ab1f8d9cb89d0270d9\",\"name\":\"Fabi\u00e1n\",\"image\":{\"@type\":\"ImageObject\",\"inLanguage\":\"es-CL\",\"@id\":\"https:\\\/\\\/i0.wp.com\\\/villena.cl\\\/blog\\\/wp-content\\\/uploads\\\/2017\\\/08\\\/cropped-logofvr.png?fit=190%2C190&ssl=1\",\"url\":\"https:\\\/\\\/i0.wp.com\\\/villena.cl\\\/blog\\\/wp-content\\\/uploads\\\/2017\\\/08\\\/cropped-logofvr.png?fit=190%2C190&ssl=1\",\"contentUrl\":\"https:\\\/\\\/i0.wp.com\\\/villena.cl\\\/blog\\\/wp-content\\\/uploads\\\/2017\\\/08\\\/cropped-logofvr.png?fit=190%2C190&ssl=1\",\"width\":190,\"height\":190,\"caption\":\"Fabi\u00e1n\"},\"logo\":{\"@id\":\"https:\\\/\\\/i0.wp.com\\\/villena.cl\\\/blog\\\/wp-content\\\/uploads\\\/2017\\\/08\\\/cropped-logofvr.png?fit=190%2C190&ssl=1\"},\"sameAs\":[\"http:\\\/\\\/fabianvillena.cl\",\"https:\\\/\\\/www.facebook.com\\\/fabianvillena\"]}]}<\/script>\n<!-- \/ Yoast SEO plugin. -->","yoast_head_json":{"title":"N\u00facleo Supratrigeminal de la Formaci\u00f3n Reticular del Tronco Encef\u00e1lico","description":"La regi\u00f3n o n\u00facleo supratrigeminal es una porci\u00f3n de formaci\u00f3n reticular ubicada dorsal y rostrodorsal al n\u00facleo motor del trig\u00e9mino, esta formaci\u00f3n","robots":{"index":"index","follow":"follow","max-snippet":"max-snippet:-1","max-image-preview":"max-image-preview:large","max-video-preview":"max-video-preview:-1"},"canonical":"https:\/\/villena.cl\/blog\/region-nucleo-supratrigeminal\/","og_locale":"es_ES","og_type":"article","og_title":"N\u00facleo Supratrigeminal de la Formaci\u00f3n Reticular del Tronco Encef\u00e1lico","og_description":"La regi\u00f3n o n\u00facleo supratrigeminal es una porci\u00f3n de formaci\u00f3n reticular ubicada dorsal y rostrodorsal al n\u00facleo motor del trig\u00e9mino, esta formaci\u00f3n","og_url":"https:\/\/villena.cl\/blog\/region-nucleo-supratrigeminal\/","og_site_name":"Dr. Fabi\u00e1n Villena Rodr\u00edguez","article_publisher":"https:\/\/www.facebook.com\/fabianvillena","article_author":"https:\/\/www.facebook.com\/fabianvillena","article_published_time":"2014-04-19T03:20:00+00:00","article_modified_time":"2019-11-21T14:14:23+00:00","author":"Fabi\u00e1n","twitter_card":"summary_large_image","twitter_image":"https:\/\/i0.wp.com\/villena.cl\/blog\/wp-content\/uploads\/2014\/04\/neurona.png?fit=1200%2C675&ssl=1","twitter_misc":{"Escrito por":"Fabi\u00e1n"},"schema":{"@context":"https:\/\/schema.org","@graph":[{"@type":"Article","@id":"https:\/\/villena.cl\/blog\/region-nucleo-supratrigeminal\/#article","isPartOf":{"@id":"https:\/\/villena.cl\/blog\/region-nucleo-supratrigeminal\/"},"author":{"name":"Fabi\u00e1n","@id":"https:\/\/villena.cl\/blog\/#\/schema\/person\/4fb1f171e2ee95ab1f8d9cb89d0270d9"},"headline":"Regi\u00f3n o N\u00facleo Supratrigeminal","datePublished":"2014-04-19T03:20:00+00:00","dateModified":"2019-11-21T14:14:23+00:00","mainEntityOfPage":{"@id":"https:\/\/villena.cl\/blog\/region-nucleo-supratrigeminal\/"},"wordCount":97,"commentCount":0,"publisher":{"@id":"https:\/\/villena.cl\/blog\/#\/schema\/person\/4fb1f171e2ee95ab1f8d9cb89d0270d9"},"image":{"@id":"https:\/\/villena.cl\/blog\/region-nucleo-supratrigeminal\/#primaryimage"},"thumbnailUrl":"https:\/\/i0.wp.com\/villena.cl\/blog\/wp-content\/uploads\/2014\/04\/neurona.png?fit=1200%2C675&ssl=1","keywords":["Anatom\u00eda Dental","Odontolog\u00eda"],"articleSection":["Dentistas"],"inLanguage":"es-CL","potentialAction":[{"@type":"CommentAction","name":"Comment","target":["https:\/\/villena.cl\/blog\/region-nucleo-supratrigeminal\/#respond"]}]},{"@type":"WebPage","@id":"https:\/\/villena.cl\/blog\/region-nucleo-supratrigeminal\/","url":"https:\/\/villena.cl\/blog\/region-nucleo-supratrigeminal\/","name":"N\u00facleo Supratrigeminal de la Formaci\u00f3n Reticular del Tronco Encef\u00e1lico","isPartOf":{"@id":"https:\/\/villena.cl\/blog\/#website"},"primaryImageOfPage":{"@id":"https:\/\/villena.cl\/blog\/region-nucleo-supratrigeminal\/#primaryimage"},"image":{"@id":"https:\/\/villena.cl\/blog\/region-nucleo-supratrigeminal\/#primaryimage"},"thumbnailUrl":"https:\/\/i0.wp.com\/villena.cl\/blog\/wp-content\/uploads\/2014\/04\/neurona.png?fit=1200%2C675&ssl=1","datePublished":"2014-04-19T03:20:00+00:00","dateModified":"2019-11-21T14:14:23+00:00","description":"La regi\u00f3n o n\u00facleo supratrigeminal es una porci\u00f3n de formaci\u00f3n reticular ubicada dorsal y rostrodorsal al n\u00facleo motor del trig\u00e9mino, esta formaci\u00f3n","breadcrumb":{"@id":"https:\/\/villena.cl\/blog\/region-nucleo-supratrigeminal\/#breadcrumb"},"inLanguage":"es-CL","potentialAction":[{"@type":"ReadAction","target":["https:\/\/villena.cl\/blog\/region-nucleo-supratrigeminal\/"]}]},{"@type":"ImageObject","inLanguage":"es-CL","@id":"https:\/\/villena.cl\/blog\/region-nucleo-supratrigeminal\/#primaryimage","url":"https:\/\/i0.wp.com\/villena.cl\/blog\/wp-content\/uploads\/2014\/04\/neurona.png?fit=1200%2C675&ssl=1","contentUrl":"https:\/\/i0.wp.com\/villena.cl\/blog\/wp-content\/uploads\/2014\/04\/neurona.png?fit=1200%2C675&ssl=1","width":1200,"height":675},{"@type":"BreadcrumbList","@id":"https:\/\/villena.cl\/blog\/region-nucleo-supratrigeminal\/#breadcrumb","itemListElement":[{"@type":"ListItem","position":1,"name":"Portada","item":"https:\/\/villena.cl\/blog\/"},{"@type":"ListItem","position":2,"name":"Regi\u00f3n o N\u00facleo Supratrigeminal"}]},{"@type":"WebSite","@id":"https:\/\/villena.cl\/blog\/#website","url":"https:\/\/villena.cl\/blog\/","name":"Dr. Fabi\u00e1n Villena Rodr\u00edguez","description":"Odontolog\u00eda + Computaci\u00f3n","publisher":{"@id":"https:\/\/villena.cl\/blog\/#\/schema\/person\/4fb1f171e2ee95ab1f8d9cb89d0270d9"},"potentialAction":[{"@type":"SearchAction","target":{"@type":"EntryPoint","urlTemplate":"https:\/\/villena.cl\/blog\/?s={search_term_string}"},"query-input":{"@type":"PropertyValueSpecification","valueRequired":true,"valueName":"search_term_string"}}],"inLanguage":"es-CL"},{"@type":["Person","Organization"],"@id":"https:\/\/villena.cl\/blog\/#\/schema\/person\/4fb1f171e2ee95ab1f8d9cb89d0270d9","name":"Fabi\u00e1n","image":{"@type":"ImageObject","inLanguage":"es-CL","@id":"https:\/\/i0.wp.com\/villena.cl\/blog\/wp-content\/uploads\/2017\/08\/cropped-logofvr.png?fit=190%2C190&ssl=1","url":"https:\/\/i0.wp.com\/villena.cl\/blog\/wp-content\/uploads\/2017\/08\/cropped-logofvr.png?fit=190%2C190&ssl=1","contentUrl":"https:\/\/i0.wp.com\/villena.cl\/blog\/wp-content\/uploads\/2017\/08\/cropped-logofvr.png?fit=190%2C190&ssl=1","width":190,"height":190,"caption":"Fabi\u00e1n"},"logo":{"@id":"https:\/\/i0.wp.com\/villena.cl\/blog\/wp-content\/uploads\/2017\/08\/cropped-logofvr.png?fit=190%2C190&ssl=1"},"sameAs":["http:\/\/fabianvillena.cl","https:\/\/www.facebook.com\/fabianvillena"]}]}},"jetpack_publicize_connections":[],"jetpack_featured_media_url":"https:\/\/i0.wp.com\/villena.cl\/blog\/wp-content\/uploads\/2014\/04\/neurona.png?fit=1200%2C675&ssl=1","jetpack_sharing_enabled":true,"jetpack_shortlink":"https:\/\/wp.me\/p93emI-1m","jetpack-related-posts":[{"id":60,"url":"https:\/\/villena.cl\/blog\/vias-trigeminales\/","url_meta":{"origin":84,"position":0},"title":"V\u00edas Trigeminales","author":"Fabi\u00e1n","date":"Abril 20, 2014","format":false,"excerpt":"\u00a0 La informaci\u00f3n somest\u00e9sica y propioceptiva de la cabeza y el cuello va a estar mediada por estructuras trigeminales. El sistema anterolateral (espinotal\u00e1mico) y el sistema de los cordones posteriores va a ser exclusivamente mediado por el nervio trig\u00e9mino a nivel de la cabeza y del cuello. Los principales centros\u2026","rel":"","context":"En &quot;Dentistas&quot;","block_context":{"text":"Dentistas","link":"https:\/\/villena.cl\/blog\/category\/dentistas\/"},"img":{"alt_text":"Neurona Dopamin\u00e9rgica","src":"https:\/\/i0.wp.com\/fabianvillena.cl\/blog\/wp-content\/uploads\/2014\/04\/neurona-dopaminergica-reducida.jpg?resize=350%2C200&ssl=1","width":350,"height":200},"classes":[]},{"id":57,"url":"https:\/\/villena.cl\/blog\/inervacion-de-cuello\/","url_meta":{"origin":84,"position":1},"title":"Inervaci\u00f3n del Cuello","author":"Fabi\u00e1n","date":"Abril 21, 2014","format":false,"excerpt":"El n\u00facleo supratrigeminal est\u00e1 ubicado sobre el n\u00facleo motor del trig\u00e9mino y lateral al n\u00facleo sensitivo principal. Est\u00e1 constituido por interneuronas GABA\u00e9rgicas. El GABA se une a canales de Cl- ligando-dependientes para hiperpolarizar la neurona postsin\u00e1ptica. El n\u00facleo supratrigeminal inhibe motoneuronas alfa del n\u00facleo motor del trig\u00e9mino. Los pacientes con\u2026","rel":"","context":"En &quot;Dentistas&quot;","block_context":{"text":"Dentistas","link":"https:\/\/villena.cl\/blog\/category\/dentistas\/"},"img":{"alt_text":"","src":"https:\/\/i0.wp.com\/villena.cl\/blog\/wp-content\/uploads\/2014\/04\/cuello.png?fit=1200%2C675&ssl=1&resize=350%2C200","width":350,"height":200,"srcset":"https:\/\/i0.wp.com\/villena.cl\/blog\/wp-content\/uploads\/2014\/04\/cuello.png?fit=1200%2C675&ssl=1&resize=350%2C200 1x, https:\/\/i0.wp.com\/villena.cl\/blog\/wp-content\/uploads\/2014\/04\/cuello.png?fit=1200%2C675&ssl=1&resize=525%2C300 1.5x, https:\/\/i0.wp.com\/villena.cl\/blog\/wp-content\/uploads\/2014\/04\/cuello.png?fit=1200%2C675&ssl=1&resize=700%2C400 2x, https:\/\/i0.wp.com\/villena.cl\/blog\/wp-content\/uploads\/2014\/04\/cuello.png?fit=1200%2C675&ssl=1&resize=1050%2C600 3x"},"classes":[]},{"id":85,"url":"https:\/\/villena.cl\/blog\/dolor-orofacial\/","url_meta":{"origin":84,"position":2},"title":"Dolor Orofacial","author":"Fabi\u00e1n","date":"Abril 19, 2014","format":false,"excerpt":"Anatom\u00eda Aplicada Descargar Apunte (PDF) Los nociceptores asociados a terminaciones nerviosas libres son canales de sodio dependientes de distintos est\u00edmulos como temperatura, tensi\u00f3n, prostaglandina, etc. Estos receptores est\u00e1n asociados a dolores nociceptivos. El dolor del tipo inflamatorio es un dolor tard\u00edo debido a la liberaci\u00f3n de mediadores de la inflamaci\u00f3n\u2026","rel":"","context":"En &quot;Dentistas&quot;","block_context":{"text":"Dentistas","link":"https:\/\/villena.cl\/blog\/category\/dentistas\/"},"img":{"alt_text":"","src":"https:\/\/i0.wp.com\/villena.cl\/blog\/wp-content\/uploads\/2014\/04\/dolor.png?fit=1200%2C675&ssl=1&resize=350%2C200","width":350,"height":200,"srcset":"https:\/\/i0.wp.com\/villena.cl\/blog\/wp-content\/uploads\/2014\/04\/dolor.png?fit=1200%2C675&ssl=1&resize=350%2C200 1x, https:\/\/i0.wp.com\/villena.cl\/blog\/wp-content\/uploads\/2014\/04\/dolor.png?fit=1200%2C675&ssl=1&resize=525%2C300 1.5x, https:\/\/i0.wp.com\/villena.cl\/blog\/wp-content\/uploads\/2014\/04\/dolor.png?fit=1200%2C675&ssl=1&resize=700%2C400 2x, https:\/\/i0.wp.com\/villena.cl\/blog\/wp-content\/uploads\/2014\/04\/dolor.png?fit=1200%2C675&ssl=1&resize=1050%2C600 3x"},"classes":[]},{"id":61,"url":"https:\/\/villena.cl\/blog\/nervio-glosofaringeo-ix\/","url_meta":{"origin":84,"position":3},"title":"Nervio Glosofar\u00edngeo (Par 9)","author":"Fabi\u00e1n","date":"Abril 20, 2014","format":false,"excerpt":"Anatom\u00eda, Histolog\u00eda y Fisiolog\u00eda por Sistemas Hay columnas somatomotoras, branquimotoras, v\u00edsceromotoras, viscerales especiales, viscerales \u00a0generales, viscerales aferentes, som\u00e1tica especial, y som\u00e1tica general. El nervio glosofar\u00edngeo tiene un origen aparente que est\u00e1 ubicado en el surco retroolivar, en su parte m\u00e1s alta, es un nervio complejo, por lo tanto tiene bastantes\u2026","rel":"","context":"En &quot;Dentistas&quot;","block_context":{"text":"Dentistas","link":"https:\/\/villena.cl\/blog\/category\/dentistas\/"},"img":{"alt_text":"","src":"https:\/\/i0.wp.com\/villena.cl\/blog\/wp-content\/uploads\/2014\/04\/neurona.png?fit=1200%2C675&ssl=1&resize=350%2C200","width":350,"height":200,"srcset":"https:\/\/i0.wp.com\/villena.cl\/blog\/wp-content\/uploads\/2014\/04\/neurona.png?fit=1200%2C675&ssl=1&resize=350%2C200 1x, https:\/\/i0.wp.com\/villena.cl\/blog\/wp-content\/uploads\/2014\/04\/neurona.png?fit=1200%2C675&ssl=1&resize=525%2C300 1.5x, https:\/\/i0.wp.com\/villena.cl\/blog\/wp-content\/uploads\/2014\/04\/neurona.png?fit=1200%2C675&ssl=1&resize=700%2C400 2x, https:\/\/i0.wp.com\/villena.cl\/blog\/wp-content\/uploads\/2014\/04\/neurona.png?fit=1200%2C675&ssl=1&resize=1050%2C600 3x"},"classes":[]},{"id":77,"url":"https:\/\/villena.cl\/blog\/olfato-nervio-olfatorio\/","url_meta":{"origin":84,"position":4},"title":"Olfato: Nervio Olfatorio","author":"Fabi\u00e1n","date":"Abril 19, 2014","format":false,"excerpt":"Anatom\u00eda, Histolog\u00eda y Fisiolog\u00eda por SistemasDescargar Apunte (PDF)Los receptores olfativos se encuentran en el epitelio olfatorio, que se encuentra en relaci\u00f3n al techo de la cavidad nasal (l\u00e1mina cribosa del etmoides y parte del hueso esfenoides) y a la pared lateral en relaci\u00f3n a las conchas superiores.Este epitelio tiene aproximadamente\u2026","rel":"","context":"En &quot;Dentistas&quot;","block_context":{"text":"Dentistas","link":"https:\/\/villena.cl\/blog\/category\/dentistas\/"},"img":{"alt_text":"","src":"","width":0,"height":0},"classes":[]},{"id":70,"url":"https:\/\/villena.cl\/blog\/odontogenesis\/","url_meta":{"origin":84,"position":5},"title":"Odontog\u00e9nesis","author":"Fabi\u00e1n","date":"Abril 19, 2014","format":false,"excerpt":"Embriolog\u00eda Descargar Apunte (PDF) La odontog\u00e9nesis se inicia cuando la cara ya est\u00e1 avanzada. La cara de un embri\u00f3n de 1 mes de gestaci\u00f3n tiene el estomodeo, rompi\u00e9ndose la membrana bucofar\u00edngea. El estomodeo est\u00e1 limitado por el proceso frontonasal, los procesos maxilares y el proceso mandibular (primer arco far\u00edngeo). La\u2026","rel":"","context":"En &quot;Dentistas&quot;","block_context":{"text":"Dentistas","link":"https:\/\/villena.cl\/blog\/category\/dentistas\/"},"img":{"alt_text":"","src":"https:\/\/i0.wp.com\/villena.cl\/blog\/wp-content\/uploads\/2014\/04\/odontogenesis.png?fit=1200%2C675&ssl=1&resize=350%2C200","width":350,"height":200,"srcset":"https:\/\/i0.wp.com\/villena.cl\/blog\/wp-content\/uploads\/2014\/04\/odontogenesis.png?fit=1200%2C675&ssl=1&resize=350%2C200 1x, https:\/\/i0.wp.com\/villena.cl\/blog\/wp-content\/uploads\/2014\/04\/odontogenesis.png?fit=1200%2C675&ssl=1&resize=525%2C300 1.5x, https:\/\/i0.wp.com\/villena.cl\/blog\/wp-content\/uploads\/2014\/04\/odontogenesis.png?fit=1200%2C675&ssl=1&resize=700%2C400 2x, https:\/\/i0.wp.com\/villena.cl\/blog\/wp-content\/uploads\/2014\/04\/odontogenesis.png?fit=1200%2C675&ssl=1&resize=1050%2C600 3x"},"classes":[]}],"jetpack_likes_enabled":true,"_links":{"self":[{"href":"https:\/\/villena.cl\/blog\/wp-json\/wp\/v2\/posts\/84","targetHints":{"allow":["GET"]}}],"collection":[{"href":"https:\/\/villena.cl\/blog\/wp-json\/wp\/v2\/posts"}],"about":[{"href":"https:\/\/villena.cl\/blog\/wp-json\/wp\/v2\/types\/post"}],"author":[{"embeddable":true,"href":"https:\/\/villena.cl\/blog\/wp-json\/wp\/v2\/users\/1"}],"replies":[{"embeddable":true,"href":"https:\/\/villena.cl\/blog\/wp-json\/wp\/v2\/comments?post=84"}],"version-history":[{"count":3,"href":"https:\/\/villena.cl\/blog\/wp-json\/wp\/v2\/posts\/84\/revisions"}],"predecessor-version":[{"id":513,"href":"https:\/\/villena.cl\/blog\/wp-json\/wp\/v2\/posts\/84\/revisions\/513"}],"wp:featuredmedia":[{"embeddable":true,"href":"https:\/\/villena.cl\/blog\/wp-json\/wp\/v2\/media\/512"}],"wp:attachment":[{"href":"https:\/\/villena.cl\/blog\/wp-json\/wp\/v2\/media?parent=84"}],"wp:term":[{"taxonomy":"category","embeddable":true,"href":"https:\/\/villena.cl\/blog\/wp-json\/wp\/v2\/categories?post=84"},{"taxonomy":"post_tag","embeddable":true,"href":"https:\/\/villena.cl\/blog\/wp-json\/wp\/v2\/tags?post=84"}],"curies":[{"name":"wp","href":"https:\/\/api.w.org\/{rel}","templated":true}]}}