{"id":202,"date":"2017-07-29T19:47:20","date_gmt":"2017-07-29T19:47:20","guid":{"rendered":"https:\/\/fabianvillena.tk\/blog\/?p=202"},"modified":"2017-08-07T21:03:19","modified_gmt":"2017-08-07T21:03:19","slug":"efectividad-de-la-clorhexidina-como-tratamiento-adjunto-en-gingivitis-revision-cochrane","status":"publish","type":"post","link":"https:\/\/villena.cl\/blog\/efectividad-de-la-clorhexidina-como-tratamiento-adjunto-en-gingivitis-revision-cochrane\/","title":{"rendered":"Efectividad de la Clorhexidina como Tratamiento Adjunto en Gingivitis: Revisi\u00f3n Cochrane"},"content":{"rendered":"<p>&nbsp;<\/p>\n<p style=\"text-align: center;\"><img data-recalc-dims=\"1\" loading=\"lazy\" decoding=\"async\" data-attachment-id=\"210\" data-permalink=\"https:\/\/villena.cl\/blog\/efectividad-de-la-clorhexidina-como-tratamiento-adjunto-en-gingivitis-revision-cochrane\/clorhexidina-enjuague-pasta\/\" data-orig-file=\"https:\/\/i0.wp.com\/villena.cl\/blog\/wp-content\/uploads\/2017\/07\/clorhexidina-enjuague-pasta.jpg?fit=500%2C300&amp;ssl=1\" data-orig-size=\"500,300\" data-comments-opened=\"1\" data-image-meta=\"{&quot;aperture&quot;:&quot;0&quot;,&quot;credit&quot;:&quot;&quot;,&quot;camera&quot;:&quot;&quot;,&quot;caption&quot;:&quot;&quot;,&quot;created_timestamp&quot;:&quot;0&quot;,&quot;copyright&quot;:&quot;&quot;,&quot;focal_length&quot;:&quot;0&quot;,&quot;iso&quot;:&quot;0&quot;,&quot;shutter_speed&quot;:&quot;0&quot;,&quot;title&quot;:&quot;&quot;,&quot;orientation&quot;:&quot;0&quot;}\" data-image-title=\"Enjuague de Clorhexidina\" data-image-description=\"\" data-image-caption=\"\" data-large-file=\"https:\/\/i0.wp.com\/villena.cl\/blog\/wp-content\/uploads\/2017\/07\/clorhexidina-enjuague-pasta.jpg?fit=500%2C300&amp;ssl=1\" class=\"alignnone size-medium wp-image-210\" src=\"https:\/\/i0.wp.com\/fabianvillena.tk\/blog\/wp-content\/uploads\/2017\/07\/clorhexidina-enjuague-pasta-300x180.jpg?resize=300%2C180&#038;ssl=1\" alt=\"Enjuague de Clorhexidina\" width=\"300\" height=\"180\" srcset=\"https:\/\/i0.wp.com\/villena.cl\/blog\/wp-content\/uploads\/2017\/07\/clorhexidina-enjuague-pasta.jpg?resize=300%2C180&amp;ssl=1 300w, https:\/\/i0.wp.com\/villena.cl\/blog\/wp-content\/uploads\/2017\/07\/clorhexidina-enjuague-pasta.jpg?w=500&amp;ssl=1 500w\" sizes=\"auto, (max-width: 300px) 100vw, 300px\" \/><\/p>\n<p>Se piensa que los enjuagues de clorhexidina reducir\u00edan la generaci\u00f3n de placa dentaria y de este modo, reducir\u00eda la gingivitis.<\/p>\n<p>La gingivitis asociada a placa es una condici\u00f3n inflamatoria reversible causada por la acumulaci\u00f3n y persistencia de la biopel\u00edcula microbiol\u00f3gica (<a href=\"https:\/\/fabianvillena.tk\/blog\/diversidad-bacteriana-oral\/\">placa bacteriana<\/a>) en los dientes. Se caracteriza por eritema y edema de la enc\u00eda y una tendencia al sangramiento f\u00e1cil. En individuos susceptibles, la gingivitis puede llevar a la periodontitis y p\u00e9rdida de soporte dentario.<\/p>\n<h2>Objetivos<\/h2>\n<p>Evaluar la efectividad del enjuague de clorhexidina usado como tratamiento auxiliar a los procedimientos mec\u00e1nicos de control de gingivitis y <a href=\"https:\/\/fabianvillena.tk\/blog\/diversidad-bacteriana-oral\/\">placa bacteriana<\/a>, en comparaci\u00f3n con el control mec\u00e1nico solo o control mec\u00e1nico asociado a enjuagues placebo. La higiene oral mec\u00e1nica es el cepillado dentario con o sin el uso de seda dental o cepillos interdentarios y puede incluir limpiezas o tratamientos periodontales profesionales.<\/p>\n<p>Determinar si el efecto del enjuague de clorhexidina es influenciado por la concentraci\u00f3n de clorhexidina o la frecuencia del enjuague (una vez al d\u00eda versus dos veces al d\u00eda)<\/p>\n<p>Reportar y describir cualquier efecto adverso asociado con el enjuague de clorhexidina.<\/p>\n<h2>Conclusiones<\/h2>\n<p>Existe evidencia de alta calidad desde estudios que reportaron que<strong> el \u00cdndice Gingival de L\u00f6e y Silness mostr\u00f3 una reducci\u00f3n en la gingivitis en individuos con gingivitis moderada, pero esto no es cl\u00ednicamente relevante.<\/strong> Existe evidencia de alta calidad de una gran disminuci\u00f3n en la <a href=\"https:\/\/fabianvillena.tk\/blog\/diversidad-bacteriana-oral\/\">placa bacteriana<\/a> con enjuagues de clorhexidina como un tratamiento adjunto a los procedimintos mec\u00e1nicos de higiene oral para 4 a 6 semanas y 6 meses. N<strong>o existe evidencia sobre diferencias de efectividad en funci\u00f3n de la concentraci\u00f3n de clorhexidina<\/strong>. <strong>No hay suficiente evidencia para determinar que la reducci\u00f3n de la gingivitis en individuos con gingivitis moderada o severa se asocia\u00a0con el enjuague de clorhedixidina.<\/strong> Enjuagarse por 4 semanas o m\u00e1s causa <a href=\"https:\/\/fabianvillena.tk\/blog\/los-elementos-que-mas-manchan-tus-dientes\/\">tinciones dentarias extr\u00ednsecas<\/a>. Tambi\u00e9n se reportaron otros efectos adversos, como, formaci\u00f3n de c\u00e1lculo, alteraci\u00f3n del gusto transitoria y efectos en la mucosa oral.<\/p>\n","protected":false},"excerpt":{"rendered":"<p>&nbsp; Se piensa que los enjuagues de clorhexidina reducir\u00edan la generaci\u00f3n de placa dentaria y de este modo, reducir\u00eda la gingivitis. La gingivitis asociada a placa es una condici\u00f3n inflamatoria reversible causada por la acumulaci\u00f3n y persistencia de la biopel\u00edcula microbiol\u00f3gica (placa bacteriana) en los dientes. Se caracteriza por eritema y edema de la enc\u00eda &hellip; <\/p>\n<p class=\"link-more\"><a href=\"https:\/\/villena.cl\/blog\/efectividad-de-la-clorhexidina-como-tratamiento-adjunto-en-gingivitis-revision-cochrane\/\" class=\"more-link\">Continua leyendo<span class=\"screen-reader-text\"> &#8220;Efectividad de la Clorhexidina como Tratamiento Adjunto en Gingivitis: Revisi\u00f3n Cochrane&#8221;<\/span><\/a><\/p>\n","protected":false},"author":1,"featured_media":0,"comment_status":"open","ping_status":"open","sticky":false,"template":"","format":"standard","meta":{"jetpack_post_was_ever_published":false,"_jetpack_newsletter_access":"","_jetpack_dont_email_post_to_subs":false,"_jetpack_newsletter_tier_id":0,"_jetpack_memberships_contains_paywalled_content":false,"_jetpack_memberships_contains_paid_content":false,"footnotes":"","jetpack_publicize_message":"","jetpack_publicize_feature_enabled":true,"jetpack_social_post_already_shared":false,"jetpack_social_options":{"image_generator_settings":{"template":"highway","default_image_id":0,"font":"","enabled":false},"version":2}},"categories":[104],"tags":[116,117,129,95,128],"class_list":["post-202","post","type-post","status-publish","format-standard","hentry","category-dentistas","tag-clorhexidina","tag-enjuague-de-clorhexidina","tag-microbiologia-oral","tag-periodoncia","tag-revision-cochrane"],"yoast_head":"<!-- This site is optimized with the Yoast SEO plugin v27.5 - https:\/\/yoast.com\/product\/yoast-seo-wordpress\/ -->\n<title>Efectividad de la Clorhexidina como Tratamiento Adjunto en Gingivitis: Revisi\u00f3n Cochrane - Dr. Fabi\u00e1n Villena Rodr\u00edguez<\/title>\n<meta name=\"description\" content=\"Se piensa que los enjuagues de clorhexidina reducir\u00edan la generaci\u00f3n de placa dentaria y de este modo, reducir\u00eda la gingivitis.\" \/>\n<meta name=\"robots\" content=\"index, follow, max-snippet:-1, max-image-preview:large, max-video-preview:-1\" \/>\n<link rel=\"canonical\" href=\"https:\/\/villena.cl\/blog\/efectividad-de-la-clorhexidina-como-tratamiento-adjunto-en-gingivitis-revision-cochrane\/\" \/>\n<meta property=\"og:locale\" content=\"es_ES\" \/>\n<meta property=\"og:type\" content=\"article\" \/>\n<meta property=\"og:title\" content=\"Efectividad de la Clorhexidina como Tratamiento Adjunto en Gingivitis: Revisi\u00f3n Cochrane - Dr. Fabi\u00e1n Villena Rodr\u00edguez\" \/>\n<meta property=\"og:description\" content=\"Se piensa que los enjuagues de clorhexidina reducir\u00edan la generaci\u00f3n de placa dentaria y de este modo, reducir\u00eda la gingivitis.\" \/>\n<meta property=\"og:url\" content=\"https:\/\/villena.cl\/blog\/efectividad-de-la-clorhexidina-como-tratamiento-adjunto-en-gingivitis-revision-cochrane\/\" \/>\n<meta property=\"og:site_name\" content=\"Dr. Fabi\u00e1n Villena Rodr\u00edguez\" \/>\n<meta property=\"article:publisher\" content=\"https:\/\/www.facebook.com\/fabianvillena\" \/>\n<meta property=\"article:author\" content=\"https:\/\/www.facebook.com\/fabianvillena\" \/>\n<meta property=\"article:published_time\" content=\"2017-07-29T19:47:20+00:00\" \/>\n<meta property=\"article:modified_time\" content=\"2017-08-07T21:03:19+00:00\" \/>\n<meta name=\"author\" content=\"Fabi\u00e1n\" \/>\n<meta name=\"twitter:card\" content=\"summary_large_image\" \/>\n<meta name=\"twitter:image\" content=\"https:\/\/fabianvillena.tk\/blog\/wp-content\/uploads\/2017\/07\/clorhexidina-enjuague-pasta-300x180.jpg\" \/>\n<meta name=\"twitter:label1\" content=\"Escrito por\" \/>\n\t<meta name=\"twitter:data1\" content=\"Fabi\u00e1n\" \/>\n\t<meta name=\"twitter:label2\" content=\"Tiempo estimado de lectura\" \/>\n\t<meta name=\"twitter:data2\" content=\"2 minutos\" \/>\n<script type=\"application\/ld+json\" class=\"yoast-schema-graph\">{\"@context\":\"https:\\\/\\\/schema.org\",\"@graph\":[{\"@type\":\"Article\",\"@id\":\"https:\\\/\\\/villena.cl\\\/blog\\\/efectividad-de-la-clorhexidina-como-tratamiento-adjunto-en-gingivitis-revision-cochrane\\\/#article\",\"isPartOf\":{\"@id\":\"https:\\\/\\\/villena.cl\\\/blog\\\/efectividad-de-la-clorhexidina-como-tratamiento-adjunto-en-gingivitis-revision-cochrane\\\/\"},\"author\":{\"name\":\"Fabi\u00e1n\",\"@id\":\"https:\\\/\\\/villena.cl\\\/blog\\\/#\\\/schema\\\/person\\\/4fb1f171e2ee95ab1f8d9cb89d0270d9\"},\"headline\":\"Efectividad de la Clorhexidina como Tratamiento Adjunto en Gingivitis: Revisi\u00f3n Cochrane\",\"datePublished\":\"2017-07-29T19:47:20+00:00\",\"dateModified\":\"2017-08-07T21:03:19+00:00\",\"mainEntityOfPage\":{\"@id\":\"https:\\\/\\\/villena.cl\\\/blog\\\/efectividad-de-la-clorhexidina-como-tratamiento-adjunto-en-gingivitis-revision-cochrane\\\/\"},\"wordCount\":362,\"commentCount\":0,\"publisher\":{\"@id\":\"https:\\\/\\\/villena.cl\\\/blog\\\/#\\\/schema\\\/person\\\/4fb1f171e2ee95ab1f8d9cb89d0270d9\"},\"image\":{\"@id\":\"https:\\\/\\\/villena.cl\\\/blog\\\/efectividad-de-la-clorhexidina-como-tratamiento-adjunto-en-gingivitis-revision-cochrane\\\/#primaryimage\"},\"thumbnailUrl\":\"https:\\\/\\\/fabianvillena.tk\\\/blog\\\/wp-content\\\/uploads\\\/2017\\\/07\\\/clorhexidina-enjuague-pasta-300x180.jpg\",\"keywords\":[\"Clorhexidina\",\"Enjuague de Clorhexidina\",\"Microbiolog\u00eda Oral\",\"Periodoncia\",\"Revisi\u00f3n Cochrane\"],\"articleSection\":[\"Dentistas\"],\"inLanguage\":\"es-CL\",\"potentialAction\":[{\"@type\":\"CommentAction\",\"name\":\"Comment\",\"target\":[\"https:\\\/\\\/villena.cl\\\/blog\\\/efectividad-de-la-clorhexidina-como-tratamiento-adjunto-en-gingivitis-revision-cochrane\\\/#respond\"]}]},{\"@type\":\"WebPage\",\"@id\":\"https:\\\/\\\/villena.cl\\\/blog\\\/efectividad-de-la-clorhexidina-como-tratamiento-adjunto-en-gingivitis-revision-cochrane\\\/\",\"url\":\"https:\\\/\\\/villena.cl\\\/blog\\\/efectividad-de-la-clorhexidina-como-tratamiento-adjunto-en-gingivitis-revision-cochrane\\\/\",\"name\":\"Efectividad de la Clorhexidina como Tratamiento Adjunto en Gingivitis: Revisi\u00f3n Cochrane - Dr. Fabi\u00e1n Villena Rodr\u00edguez\",\"isPartOf\":{\"@id\":\"https:\\\/\\\/villena.cl\\\/blog\\\/#website\"},\"primaryImageOfPage\":{\"@id\":\"https:\\\/\\\/villena.cl\\\/blog\\\/efectividad-de-la-clorhexidina-como-tratamiento-adjunto-en-gingivitis-revision-cochrane\\\/#primaryimage\"},\"image\":{\"@id\":\"https:\\\/\\\/villena.cl\\\/blog\\\/efectividad-de-la-clorhexidina-como-tratamiento-adjunto-en-gingivitis-revision-cochrane\\\/#primaryimage\"},\"thumbnailUrl\":\"https:\\\/\\\/fabianvillena.tk\\\/blog\\\/wp-content\\\/uploads\\\/2017\\\/07\\\/clorhexidina-enjuague-pasta-300x180.jpg\",\"datePublished\":\"2017-07-29T19:47:20+00:00\",\"dateModified\":\"2017-08-07T21:03:19+00:00\",\"description\":\"Se piensa que los enjuagues de clorhexidina reducir\u00edan la generaci\u00f3n de placa dentaria y de este modo, reducir\u00eda la gingivitis.\",\"breadcrumb\":{\"@id\":\"https:\\\/\\\/villena.cl\\\/blog\\\/efectividad-de-la-clorhexidina-como-tratamiento-adjunto-en-gingivitis-revision-cochrane\\\/#breadcrumb\"},\"inLanguage\":\"es-CL\",\"potentialAction\":[{\"@type\":\"ReadAction\",\"target\":[\"https:\\\/\\\/villena.cl\\\/blog\\\/efectividad-de-la-clorhexidina-como-tratamiento-adjunto-en-gingivitis-revision-cochrane\\\/\"]}]},{\"@type\":\"ImageObject\",\"inLanguage\":\"es-CL\",\"@id\":\"https:\\\/\\\/villena.cl\\\/blog\\\/efectividad-de-la-clorhexidina-como-tratamiento-adjunto-en-gingivitis-revision-cochrane\\\/#primaryimage\",\"url\":\"https:\\\/\\\/fabianvillena.tk\\\/blog\\\/wp-content\\\/uploads\\\/2017\\\/07\\\/clorhexidina-enjuague-pasta-300x180.jpg\",\"contentUrl\":\"https:\\\/\\\/fabianvillena.tk\\\/blog\\\/wp-content\\\/uploads\\\/2017\\\/07\\\/clorhexidina-enjuague-pasta-300x180.jpg\"},{\"@type\":\"BreadcrumbList\",\"@id\":\"https:\\\/\\\/villena.cl\\\/blog\\\/efectividad-de-la-clorhexidina-como-tratamiento-adjunto-en-gingivitis-revision-cochrane\\\/#breadcrumb\",\"itemListElement\":[{\"@type\":\"ListItem\",\"position\":1,\"name\":\"Portada\",\"item\":\"https:\\\/\\\/villena.cl\\\/blog\\\/\"},{\"@type\":\"ListItem\",\"position\":2,\"name\":\"Efectividad de la Clorhexidina como Tratamiento Adjunto en Gingivitis: Revisi\u00f3n Cochrane\"}]},{\"@type\":\"WebSite\",\"@id\":\"https:\\\/\\\/villena.cl\\\/blog\\\/#website\",\"url\":\"https:\\\/\\\/villena.cl\\\/blog\\\/\",\"name\":\"Dr. Fabi\u00e1n Villena Rodr\u00edguez\",\"description\":\"Odontolog\u00eda + Computaci\u00f3n\",\"publisher\":{\"@id\":\"https:\\\/\\\/villena.cl\\\/blog\\\/#\\\/schema\\\/person\\\/4fb1f171e2ee95ab1f8d9cb89d0270d9\"},\"potentialAction\":[{\"@type\":\"SearchAction\",\"target\":{\"@type\":\"EntryPoint\",\"urlTemplate\":\"https:\\\/\\\/villena.cl\\\/blog\\\/?s={search_term_string}\"},\"query-input\":{\"@type\":\"PropertyValueSpecification\",\"valueRequired\":true,\"valueName\":\"search_term_string\"}}],\"inLanguage\":\"es-CL\"},{\"@type\":[\"Person\",\"Organization\"],\"@id\":\"https:\\\/\\\/villena.cl\\\/blog\\\/#\\\/schema\\\/person\\\/4fb1f171e2ee95ab1f8d9cb89d0270d9\",\"name\":\"Fabi\u00e1n\",\"image\":{\"@type\":\"ImageObject\",\"inLanguage\":\"es-CL\",\"@id\":\"https:\\\/\\\/i0.wp.com\\\/villena.cl\\\/blog\\\/wp-content\\\/uploads\\\/2017\\\/08\\\/cropped-logofvr.png?fit=190%2C190&ssl=1\",\"url\":\"https:\\\/\\\/i0.wp.com\\\/villena.cl\\\/blog\\\/wp-content\\\/uploads\\\/2017\\\/08\\\/cropped-logofvr.png?fit=190%2C190&ssl=1\",\"contentUrl\":\"https:\\\/\\\/i0.wp.com\\\/villena.cl\\\/blog\\\/wp-content\\\/uploads\\\/2017\\\/08\\\/cropped-logofvr.png?fit=190%2C190&ssl=1\",\"width\":190,\"height\":190,\"caption\":\"Fabi\u00e1n\"},\"logo\":{\"@id\":\"https:\\\/\\\/i0.wp.com\\\/villena.cl\\\/blog\\\/wp-content\\\/uploads\\\/2017\\\/08\\\/cropped-logofvr.png?fit=190%2C190&ssl=1\"},\"sameAs\":[\"http:\\\/\\\/fabianvillena.cl\",\"https:\\\/\\\/www.facebook.com\\\/fabianvillena\"]}]}<\/script>\n<!-- \/ Yoast SEO plugin. -->","yoast_head_json":{"title":"Efectividad de la Clorhexidina como Tratamiento Adjunto en Gingivitis: Revisi\u00f3n Cochrane - Dr. Fabi\u00e1n Villena Rodr\u00edguez","description":"Se piensa que los enjuagues de clorhexidina reducir\u00edan la generaci\u00f3n de placa dentaria y de este modo, reducir\u00eda la gingivitis.","robots":{"index":"index","follow":"follow","max-snippet":"max-snippet:-1","max-image-preview":"max-image-preview:large","max-video-preview":"max-video-preview:-1"},"canonical":"https:\/\/villena.cl\/blog\/efectividad-de-la-clorhexidina-como-tratamiento-adjunto-en-gingivitis-revision-cochrane\/","og_locale":"es_ES","og_type":"article","og_title":"Efectividad de la Clorhexidina como Tratamiento Adjunto en Gingivitis: Revisi\u00f3n Cochrane - Dr. Fabi\u00e1n Villena Rodr\u00edguez","og_description":"Se piensa que los enjuagues de clorhexidina reducir\u00edan la generaci\u00f3n de placa dentaria y de este modo, reducir\u00eda la gingivitis.","og_url":"https:\/\/villena.cl\/blog\/efectividad-de-la-clorhexidina-como-tratamiento-adjunto-en-gingivitis-revision-cochrane\/","og_site_name":"Dr. Fabi\u00e1n Villena Rodr\u00edguez","article_publisher":"https:\/\/www.facebook.com\/fabianvillena","article_author":"https:\/\/www.facebook.com\/fabianvillena","article_published_time":"2017-07-29T19:47:20+00:00","article_modified_time":"2017-08-07T21:03:19+00:00","author":"Fabi\u00e1n","twitter_card":"summary_large_image","twitter_image":"https:\/\/fabianvillena.tk\/blog\/wp-content\/uploads\/2017\/07\/clorhexidina-enjuague-pasta-300x180.jpg","twitter_misc":{"Escrito por":"Fabi\u00e1n","Tiempo estimado de lectura":"2 minutos"},"schema":{"@context":"https:\/\/schema.org","@graph":[{"@type":"Article","@id":"https:\/\/villena.cl\/blog\/efectividad-de-la-clorhexidina-como-tratamiento-adjunto-en-gingivitis-revision-cochrane\/#article","isPartOf":{"@id":"https:\/\/villena.cl\/blog\/efectividad-de-la-clorhexidina-como-tratamiento-adjunto-en-gingivitis-revision-cochrane\/"},"author":{"name":"Fabi\u00e1n","@id":"https:\/\/villena.cl\/blog\/#\/schema\/person\/4fb1f171e2ee95ab1f8d9cb89d0270d9"},"headline":"Efectividad de la Clorhexidina como Tratamiento Adjunto en Gingivitis: Revisi\u00f3n Cochrane","datePublished":"2017-07-29T19:47:20+00:00","dateModified":"2017-08-07T21:03:19+00:00","mainEntityOfPage":{"@id":"https:\/\/villena.cl\/blog\/efectividad-de-la-clorhexidina-como-tratamiento-adjunto-en-gingivitis-revision-cochrane\/"},"wordCount":362,"commentCount":0,"publisher":{"@id":"https:\/\/villena.cl\/blog\/#\/schema\/person\/4fb1f171e2ee95ab1f8d9cb89d0270d9"},"image":{"@id":"https:\/\/villena.cl\/blog\/efectividad-de-la-clorhexidina-como-tratamiento-adjunto-en-gingivitis-revision-cochrane\/#primaryimage"},"thumbnailUrl":"https:\/\/fabianvillena.tk\/blog\/wp-content\/uploads\/2017\/07\/clorhexidina-enjuague-pasta-300x180.jpg","keywords":["Clorhexidina","Enjuague de Clorhexidina","Microbiolog\u00eda Oral","Periodoncia","Revisi\u00f3n Cochrane"],"articleSection":["Dentistas"],"inLanguage":"es-CL","potentialAction":[{"@type":"CommentAction","name":"Comment","target":["https:\/\/villena.cl\/blog\/efectividad-de-la-clorhexidina-como-tratamiento-adjunto-en-gingivitis-revision-cochrane\/#respond"]}]},{"@type":"WebPage","@id":"https:\/\/villena.cl\/blog\/efectividad-de-la-clorhexidina-como-tratamiento-adjunto-en-gingivitis-revision-cochrane\/","url":"https:\/\/villena.cl\/blog\/efectividad-de-la-clorhexidina-como-tratamiento-adjunto-en-gingivitis-revision-cochrane\/","name":"Efectividad de la Clorhexidina como Tratamiento Adjunto en Gingivitis: Revisi\u00f3n Cochrane - Dr. Fabi\u00e1n Villena Rodr\u00edguez","isPartOf":{"@id":"https:\/\/villena.cl\/blog\/#website"},"primaryImageOfPage":{"@id":"https:\/\/villena.cl\/blog\/efectividad-de-la-clorhexidina-como-tratamiento-adjunto-en-gingivitis-revision-cochrane\/#primaryimage"},"image":{"@id":"https:\/\/villena.cl\/blog\/efectividad-de-la-clorhexidina-como-tratamiento-adjunto-en-gingivitis-revision-cochrane\/#primaryimage"},"thumbnailUrl":"https:\/\/fabianvillena.tk\/blog\/wp-content\/uploads\/2017\/07\/clorhexidina-enjuague-pasta-300x180.jpg","datePublished":"2017-07-29T19:47:20+00:00","dateModified":"2017-08-07T21:03:19+00:00","description":"Se piensa que los enjuagues de clorhexidina reducir\u00edan la generaci\u00f3n de placa dentaria y de este modo, reducir\u00eda la gingivitis.","breadcrumb":{"@id":"https:\/\/villena.cl\/blog\/efectividad-de-la-clorhexidina-como-tratamiento-adjunto-en-gingivitis-revision-cochrane\/#breadcrumb"},"inLanguage":"es-CL","potentialAction":[{"@type":"ReadAction","target":["https:\/\/villena.cl\/blog\/efectividad-de-la-clorhexidina-como-tratamiento-adjunto-en-gingivitis-revision-cochrane\/"]}]},{"@type":"ImageObject","inLanguage":"es-CL","@id":"https:\/\/villena.cl\/blog\/efectividad-de-la-clorhexidina-como-tratamiento-adjunto-en-gingivitis-revision-cochrane\/#primaryimage","url":"https:\/\/fabianvillena.tk\/blog\/wp-content\/uploads\/2017\/07\/clorhexidina-enjuague-pasta-300x180.jpg","contentUrl":"https:\/\/fabianvillena.tk\/blog\/wp-content\/uploads\/2017\/07\/clorhexidina-enjuague-pasta-300x180.jpg"},{"@type":"BreadcrumbList","@id":"https:\/\/villena.cl\/blog\/efectividad-de-la-clorhexidina-como-tratamiento-adjunto-en-gingivitis-revision-cochrane\/#breadcrumb","itemListElement":[{"@type":"ListItem","position":1,"name":"Portada","item":"https:\/\/villena.cl\/blog\/"},{"@type":"ListItem","position":2,"name":"Efectividad de la Clorhexidina como Tratamiento Adjunto en Gingivitis: Revisi\u00f3n Cochrane"}]},{"@type":"WebSite","@id":"https:\/\/villena.cl\/blog\/#website","url":"https:\/\/villena.cl\/blog\/","name":"Dr. Fabi\u00e1n Villena Rodr\u00edguez","description":"Odontolog\u00eda + Computaci\u00f3n","publisher":{"@id":"https:\/\/villena.cl\/blog\/#\/schema\/person\/4fb1f171e2ee95ab1f8d9cb89d0270d9"},"potentialAction":[{"@type":"SearchAction","target":{"@type":"EntryPoint","urlTemplate":"https:\/\/villena.cl\/blog\/?s={search_term_string}"},"query-input":{"@type":"PropertyValueSpecification","valueRequired":true,"valueName":"search_term_string"}}],"inLanguage":"es-CL"},{"@type":["Person","Organization"],"@id":"https:\/\/villena.cl\/blog\/#\/schema\/person\/4fb1f171e2ee95ab1f8d9cb89d0270d9","name":"Fabi\u00e1n","image":{"@type":"ImageObject","inLanguage":"es-CL","@id":"https:\/\/i0.wp.com\/villena.cl\/blog\/wp-content\/uploads\/2017\/08\/cropped-logofvr.png?fit=190%2C190&ssl=1","url":"https:\/\/i0.wp.com\/villena.cl\/blog\/wp-content\/uploads\/2017\/08\/cropped-logofvr.png?fit=190%2C190&ssl=1","contentUrl":"https:\/\/i0.wp.com\/villena.cl\/blog\/wp-content\/uploads\/2017\/08\/cropped-logofvr.png?fit=190%2C190&ssl=1","width":190,"height":190,"caption":"Fabi\u00e1n"},"logo":{"@id":"https:\/\/i0.wp.com\/villena.cl\/blog\/wp-content\/uploads\/2017\/08\/cropped-logofvr.png?fit=190%2C190&ssl=1"},"sameAs":["http:\/\/fabianvillena.cl","https:\/\/www.facebook.com\/fabianvillena"]}]}},"jetpack_publicize_connections":[],"jetpack_featured_media_url":"","jetpack_sharing_enabled":true,"jetpack_shortlink":"https:\/\/wp.me\/p93emI-3g","jetpack-related-posts":[{"id":404,"url":"https:\/\/villena.cl\/blog\/perfil-epidemiologico-las-enfermedades-periodontales-chile\/","url_meta":{"origin":202,"position":0},"title":"Perfil Epidemiol\u00f3gico de las Enfermedades Periodontales en Chile","author":"Fabi\u00e1n","date":"Agosto 26, 2017","format":false,"excerpt":"Las enfermedades periodontales son una de las patolog\u00edas m\u00e1s prevalentes en la poblaci\u00f3n, llegando casi a un 100% de prevalencia en adultos, es por este motivo que reviste una gran importancia analizarlas desde el punto de vista epidemiol\u00f3gico. Las enfermedades periodontales engloban todas las patolog\u00edas inflamatorias que afectan a la\u2026","rel":"","context":"En &quot;Dentistas&quot;","block_context":{"text":"Dentistas","link":"https:\/\/villena.cl\/blog\/category\/dentistas\/"},"img":{"alt_text":"","src":"https:\/\/i0.wp.com\/villena.cl\/blog\/wp-content\/uploads\/2017\/08\/periodontitis.png?fit=1200%2C675&ssl=1&resize=350%2C200","width":350,"height":200,"srcset":"https:\/\/i0.wp.com\/villena.cl\/blog\/wp-content\/uploads\/2017\/08\/periodontitis.png?fit=1200%2C675&ssl=1&resize=350%2C200 1x, https:\/\/i0.wp.com\/villena.cl\/blog\/wp-content\/uploads\/2017\/08\/periodontitis.png?fit=1200%2C675&ssl=1&resize=525%2C300 1.5x, https:\/\/i0.wp.com\/villena.cl\/blog\/wp-content\/uploads\/2017\/08\/periodontitis.png?fit=1200%2C675&ssl=1&resize=700%2C400 2x, https:\/\/i0.wp.com\/villena.cl\/blog\/wp-content\/uploads\/2017\/08\/periodontitis.png?fit=1200%2C675&ssl=1&resize=1050%2C600 3x"},"classes":[]},{"id":161,"url":"https:\/\/villena.cl\/blog\/examen-clinico-periodontal-periimplantar\/","url_meta":{"origin":202,"position":1},"title":"Examen Cl\u00ednico Periodontal y Periimplantar","author":"Fabi\u00e1n","date":"Mayo 21, 2017","format":false,"excerpt":"Los objetivos del examen cl\u00ednico periodontal son detectar la presencia y severidad de la enfermedad periodontal. La enfermedad periodontal en Chile tiende a un 100% de prevalencia, en donde, al pasar los a\u00f1os los \u00edndices no han mejorado. Enc\u00eda En la enc\u00eda se debe evaluar color, forma, posici\u00f3n, tama\u00f1o, superficie\u2026","rel":"","context":"En &quot;Dentistas&quot;","block_context":{"text":"Dentistas","link":"https:\/\/villena.cl\/blog\/category\/dentistas\/"},"img":{"alt_text":"","src":"https:\/\/i0.wp.com\/villena.cl\/blog\/wp-content\/uploads\/2017\/05\/examen.png?fit=1200%2C675&ssl=1&resize=350%2C200","width":350,"height":200,"srcset":"https:\/\/i0.wp.com\/villena.cl\/blog\/wp-content\/uploads\/2017\/05\/examen.png?fit=1200%2C675&ssl=1&resize=350%2C200 1x, https:\/\/i0.wp.com\/villena.cl\/blog\/wp-content\/uploads\/2017\/05\/examen.png?fit=1200%2C675&ssl=1&resize=525%2C300 1.5x, https:\/\/i0.wp.com\/villena.cl\/blog\/wp-content\/uploads\/2017\/05\/examen.png?fit=1200%2C675&ssl=1&resize=700%2C400 2x, https:\/\/i0.wp.com\/villena.cl\/blog\/wp-content\/uploads\/2017\/05\/examen.png?fit=1200%2C675&ssl=1&resize=1050%2C600 3x"},"classes":[]},{"id":67,"url":"https:\/\/villena.cl\/blog\/diversidad-bacteriana-oral\/","url_meta":{"origin":202,"position":2},"title":"Diversidad Bacteriana Oral","author":"Fabi\u00e1n","date":"Abril 19, 2014","format":false,"excerpt":"Resumen de todas las bacterias existentes en la cavidad oral y la boca. \u00b7\u00a0\u00a0\u00a0\u00a0\u00a0\u00a0\u00a0\u00a0 Streptococcus: El grupo Mutans Streptococci no se a\u00edsla en dentina cariada. o\u00a0\u00a0 S. Mutans \u00a7\u00a0 Produce pol\u00edmeros extra e intracelulares. \u00a7\u00a0 Produce dextranasas y fructanasas. \u00a7\u00a0 Acid\u00f3geno, acid\u00farico y acidof\u00edlico. \u00a7\u00a0 El que consigue pH cr\u00edtico\u2026","rel":"","context":"En &quot;Dentistas&quot;","block_context":{"text":"Dentistas","link":"https:\/\/villena.cl\/blog\/category\/dentistas\/"},"img":{"alt_text":"Bacterias Orales","src":"https:\/\/i0.wp.com\/fabianvillena.tk\/blog\/wp-content\/uploads\/2014\/04\/Bacterias-Orales-300x225.jpg?resize=350%2C200&ssl=1","width":350,"height":200},"classes":[]},{"id":192,"url":"https:\/\/villena.cl\/blog\/tratamiento-endodontico-una-sesion-versus-varias-sesiones-revision-cochrane\/","url_meta":{"origin":202,"position":3},"title":"Tratamiento Endod\u00f3ntico en una Sesi\u00f3n Versus Varias Sesiones: Revisi\u00f3n Cochrane","author":"Fabi\u00e1n","date":"Julio 27, 2017","format":false,"excerpt":"El tratamiento endod\u00f3ntico, tratamiento de conducto o endodoncia es un procedimiento com\u00fan en la odontolog\u00eda. La principal indicaci\u00f3n de este tratamiento son la pulpitis irreversible y la necrosis pulpar causadas principalmente por el proceso de caries. Un tratamiento endod\u00f3ntico exitoso se caracteriza por una ausencia de s\u00edntomas y signos cl\u00ednicos\u2026","rel":"","context":"En &quot;Dentistas&quot;","block_context":{"text":"Dentistas","link":"https:\/\/villena.cl\/blog\/category\/dentistas\/"},"img":{"alt_text":"Tratamiento Endod\u00f3ntico","src":"https:\/\/i0.wp.com\/fabianvillena.tk\/blog\/wp-content\/uploads\/2017\/07\/endodoncia1-300x199.jpg?resize=350%2C200&ssl=1","width":350,"height":200},"classes":[]},{"id":213,"url":"https:\/\/villena.cl\/blog\/sellantes-fosas-fisuras-la-prevencion-caries-dientes-permanentes\/","url_meta":{"origin":202,"position":4},"title":"Sellantes de Fosas y Fisuras para la Prevenci\u00f3n de Caries en Dientes Permanentes: Revisi\u00f3n Cochrane","author":"Fabi\u00e1n","date":"Agosto 3, 2017","format":false,"excerpt":"Los sellantes de fosas y fisuras fueron introducidos en los a\u00f1os '60 para ayudar a prevenir la caries dental, mayoritariamente en las fosas y fisuras de las superficies oclusales. Los sellantes de fosas y fisuras act\u00faan previniendo el crecimiento bacteriano que puede llevar a una caries dental. La evidencia sugiere\u2026","rel":"","context":"En &quot;Dentistas&quot;","block_context":{"text":"Dentistas","link":"https:\/\/villena.cl\/blog\/category\/dentistas\/"},"img":{"alt_text":"Sellantes de Fosas y Fisuras","src":"https:\/\/i0.wp.com\/fabianvillena.tk\/blog\/wp-content\/uploads\/2017\/08\/mod1_1-300x189.jpg?resize=350%2C200&ssl=1","width":350,"height":200},"classes":[]},{"id":232,"url":"https:\/\/villena.cl\/blog\/aislamiento-absoluto-tratamiento-restaurador-revision-cochrane\/","url_meta":{"origin":202,"position":5},"title":"Aislamiento Absoluto para el Tratamiento Restaurador: Revisi\u00f3n Cochrane","author":"Fabi\u00e1n","date":"Agosto 7, 2017","format":false,"excerpt":"El \u00e9xito de las restauraciones en los pacientes odontol\u00f3gicos depende en gran parte de un control efectivo de la humedad y los microbios durante el procedimiento. La t\u00e9cnica del dique de goma ha sido uno de los m\u00e9todos de aislamiento m\u00e1s ampliamente utilizados en los tratamientos odontol\u00f3gicos restaurativos. Existe pol\u00e9mica\u2026","rel":"","context":"En &quot;Dentistas&quot;","block_context":{"text":"Dentistas","link":"https:\/\/villena.cl\/blog\/category\/dentistas\/"},"img":{"alt_text":"Aislamiento Absoluto","src":"https:\/\/i0.wp.com\/fabianvillena.tk\/blog\/wp-content\/uploads\/2017\/08\/1-amalgama-300x200.jpg?resize=350%2C200&ssl=1","width":350,"height":200},"classes":[]}],"jetpack_likes_enabled":true,"_links":{"self":[{"href":"https:\/\/villena.cl\/blog\/wp-json\/wp\/v2\/posts\/202","targetHints":{"allow":["GET"]}}],"collection":[{"href":"https:\/\/villena.cl\/blog\/wp-json\/wp\/v2\/posts"}],"about":[{"href":"https:\/\/villena.cl\/blog\/wp-json\/wp\/v2\/types\/post"}],"author":[{"embeddable":true,"href":"https:\/\/villena.cl\/blog\/wp-json\/wp\/v2\/users\/1"}],"replies":[{"embeddable":true,"href":"https:\/\/villena.cl\/blog\/wp-json\/wp\/v2\/comments?post=202"}],"version-history":[{"count":5,"href":"https:\/\/villena.cl\/blog\/wp-json\/wp\/v2\/posts\/202\/revisions"}],"predecessor-version":[{"id":211,"href":"https:\/\/villena.cl\/blog\/wp-json\/wp\/v2\/posts\/202\/revisions\/211"}],"wp:attachment":[{"href":"https:\/\/villena.cl\/blog\/wp-json\/wp\/v2\/media?parent=202"}],"wp:term":[{"taxonomy":"category","embeddable":true,"href":"https:\/\/villena.cl\/blog\/wp-json\/wp\/v2\/categories?post=202"},{"taxonomy":"post_tag","embeddable":true,"href":"https:\/\/villena.cl\/blog\/wp-json\/wp\/v2\/tags?post=202"}],"curies":[{"name":"wp","href":"https:\/\/api.w.org\/{rel}","templated":true}]}}